{"id":350,"date":"2019-06-04T18:35:00","date_gmt":"2019-06-04T18:35:00","guid":{"rendered":"https:\/\/magentostaging.colleamoi.com\/blogue\/?p=350"},"modified":"2024-11-11T15:23:00","modified_gmt":"2024-11-11T15:23:00","slug":"trucs-pour-faire-les-bagages-de-la-famille","status":"publish","type":"post","link":"https:\/\/colleamoi.com\/blogue\/trucs-pour-faire-les-bagages-de-la-famille\/","title":{"rendered":"Vous partez en voyage? Voici un plan \u00e0 toute \u00e9preuve pour faire les bagages de la famille!"},"content":{"rendered":"\n<p>Voyager occasionne suffisamment de stress. Vous ne devriez pas, en plus, vous inqui\u00e9ter pour savoir si vous avez apport\u00e9 les choses importantes. Remplir valises et bagages se r\u00e9v\u00e8le particuli\u00e8rement difficile si vous voyagez avec des enfants. Non seulement vous devez emporter tout ce dont vous pourriez avoir besoin, mais vous devez \u00e9galement pr\u00e9voir pour les valises de vos enfants.<\/p>\n\n\n\n<p>Heureusement, des strat\u00e9gies existent pour planifier vos bagages. Certaines id\u00e9es pourraient vous aider \u00e0 en mettre plus dans chaque valise. De cette fa\u00e7on, vous aurez moins de bagages \u00e0 v\u00e9rifier et plus de place dans la voiture quand vous conduisez.<\/p>\n\n\n\n<p><strong>D\u00e9cidez de ce dont vous aurez besoin<\/strong><\/p>\n\n\n\n<p>Si vous voyagez dans un endroit chaud, vous aurez surtout besoin de tenues d\u2019\u00e9t\u00e9. Et si \u00e7a se refroidit\u2009? Vous devriez toujours prendre un v\u00eatement plus chaud pour les enfants (et pour vous-m\u00eame), peu importe la temp\u00e9rature pr\u00e9vue \u00e0 votre destination. En cas de mauvais temps ou de climatisation trop froide, vous serez heureux d\u2019y avoir pens\u00e9. Vous pouvez \u00e9galement consulter les pr\u00e9visions m\u00e9t\u00e9o de votre destination pour vous pr\u00e9parer \u00e0 la pluie le cas \u00e9ch\u00e9ant.<\/p>\n\n\n\n<p><strong>Compartimenter<\/strong><\/p>\n\n\n\n<p>Une fois que vous avez d\u00e9cid\u00e9 quoi apporter, vous devriez organiser vos bagages. Plut\u00f4t que d\u2019avoir une valise par personne, d\u00e9finissez certaines valises pour des articles bien d\u00e9termin\u00e9s. Pensez \u00e9galement \u00e0 <a href=\"https:\/\/colleamoi.com\/fr_CA\/etampe-personnalisee-vetement\">identifier les v\u00eatements des enfants avec une \u00e9tampe pour v\u00eatement<\/a>, afin de garder une meilleure organisation et \u00e9viter les pertes. Par exemple, choisissez un sac pour les chaussettes et les sous-v\u00eatements et un autre pour les jeans et les shorts.<\/p>\n\n\n\n<p>Mais vous pensez peut-\u00eatre que \u00e7a s\u00e8mera la confusion, n\u2019est-ce pas\u2009? Vous pouvez utiliser des cubes d\u2019emballage ou des sacs minces qui compriment des articles dans une valise pour s\u00e9parer les affaires de chaque personne. En effet, ces cubes vous donneront plus de place dans chaque bagage et ils vous permettront aussi d\u2019y garder s\u00e9par\u00e9s les objets de diff\u00e9rentes personnes. Cette m\u00e9thode vous permettra de v\u00e9rifier si vous avez bien tout mis pour chaque enfant en comptant. Par exemple, si vous voyagez avec cinq personnes, vous placez chaque cube, une fois rempli, dans la valise et vous comptez le nombre de cubes. Vous devriez voir cinq \u00ab\u2009cubes de chaussettes et de sous-v\u00eatements\u2009\u00bb, cinq cubes de maillot de bain, cinq cubes de jeans, et ainsi de suite.<\/p>\n\n\n\n<p>Bien que peu dispendieux, si vous ne voulez pas acheter de cubes d\u2019emballage, vous pouvez utiliser des sacs Ziploc ou autre. Ceux-ci ne compresseront pas vos articles aussi efficacement, mais ils les garderont s\u00e9par\u00e9s dans votre valise.<\/p>\n\n\n\n<p><strong>Vous devrez peut-\u00eatre acheter quelque chose<\/strong><\/p>\n\n\n\n<p>Peu importe votre taux de pr\u00e9voyance, vous n\u2019apporterez probablement pas tout ce dont vous pourriez avoir besoin. Parfois, vous improviserez tout simplement avec des objets qui se trouvent dans vos bagages. Par exemple, si vous ne saviez pas que l\u2019h\u00f4tel poss\u00e9dait une piscine, vous pourriez conseiller \u00e0 vos enfants de porter un short comme maillot de bain. Certains cas exigeront aussi d\u2019acheter un parapluie, une veste de pluie ou des pulls molletonn\u00e9s. Cependant, avec une bonne planification, ces situations se produiront rarement et vous n\u2019\u00e9prouverez aucun stress \u00e0 faire vos bagages.<\/p>\n","protected":false},"excerpt":{"rendered":"<p>Voyager occasionne suffisamment de stress. Vous ne devriez pas, en plus, vous inqui\u00e9ter pour savoir si vous avez apport\u00e9 les choses importantes. Remplir valises et bagages se r\u00e9v\u00e8le particuli\u00e8rement difficile&#8230;<\/p>\n","protected":false},"author":2,"featured_media":351,"comment_status":"closed","ping_status":"closed","sticky":false,"template":"","format":"standard","meta":{"footnotes":""},"categories":[2],"tags":[],"class_list":["post-350","post","type-post","status-publish","format-standard","has-post-thumbnail","hentry","category-education"],"yoast_head":"<!-- This site is optimized with the Yoast SEO Premium plugin v18.5 (Yoast SEO v27.5) - https:\/\/yoast.com\/product\/yoast-seo-premium-wordpress\/ -->\n<title>Vous partez en voyage? Voici un plan \u00e0 toute \u00e9preuve pour faire les bagages de la famille! - Colle \u00e0 moi<\/title>\n<meta name=\"description\" content=\"Voici des trucs pour planifier les bagages de la famille avant les vacances. Certaines id\u00e9es pourraient vous aider \u00e0 maximiser l&#039;espace!\" \/>\n<meta name=\"robots\" content=\"index, follow, max-snippet:-1, max-image-preview:large, max-video-preview:-1\" \/>\n<link rel=\"canonical\" href=\"https:\/\/colleamoi.com\/blogue\/trucs-pour-faire-les-bagages-de-la-famille\/\" \/>\n<meta property=\"og:locale\" content=\"fr_FR\" \/>\n<meta property=\"og:type\" content=\"article\" \/>\n<meta property=\"og:title\" content=\"Vous partez en voyage? Voici un plan \u00e0 toute \u00e9preuve pour faire les bagages de la famille!\" \/>\n<meta property=\"og:description\" content=\"Voici des trucs pour planifier les bagages de la famille avant les vacances. Certaines id\u00e9es pourraient vous aider \u00e0 maximiser l&#039;espace!\" \/>\n<meta property=\"og:url\" content=\"https:\/\/colleamoi.com\/blogue\/trucs-pour-faire-les-bagages-de-la-famille\/\" \/>\n<meta property=\"og:site_name\" content=\"Colle \u00e0 moi\" \/>\n<meta property=\"article:publisher\" content=\"https:\/\/www.facebook.com\/colleamoi\/?ref=br_rs\" \/>\n<meta property=\"article:published_time\" content=\"2019-06-04T18:35:00+00:00\" \/>\n<meta property=\"article:modified_time\" content=\"2024-11-11T15:23:00+00:00\" \/>\n<meta property=\"og:image\" content=\"https:\/\/colleamoi.com\/blogue\/wp-content\/uploads\/2022\/05\/faire-les-valises-de-la-famille.jpg\" \/>\n\t<meta property=\"og:image:width\" content=\"724\" \/>\n\t<meta property=\"og:image:height\" content=\"483\" \/>\n\t<meta property=\"og:image:type\" content=\"image\/jpeg\" \/>\n<meta name=\"author\" content=\"Colle \u00e0 moi\" \/>\n<meta name=\"twitter:card\" content=\"summary_large_image\" \/>\n<meta name=\"twitter:label1\" content=\"\u00c9crit par\" \/>\n\t<meta name=\"twitter:data1\" content=\"Colle \u00e0 moi\" \/>\n\t<meta name=\"twitter:label2\" content=\"Dur\u00e9e de lecture estim\u00e9e\" \/>\n\t<meta name=\"twitter:data2\" content=\"3 minutes\" \/>\n<script type=\"application\/ld+json\" class=\"yoast-schema-graph\">{\"@context\":\"https:\\\/\\\/schema.org\",\"@graph\":[{\"@type\":\"Article\",\"@id\":\"https:\\\/\\\/colleamoi.com\\\/blogue\\\/trucs-pour-faire-les-bagages-de-la-famille\\\/#article\",\"isPartOf\":{\"@id\":\"https:\\\/\\\/colleamoi.com\\\/blogue\\\/trucs-pour-faire-les-bagages-de-la-famille\\\/\"},\"author\":{\"name\":\"Colle \u00e0 moi\",\"@id\":\"https:\\\/\\\/colleamoi.com\\\/blogue\\\/#\\\/schema\\\/person\\\/08effc938d5e57771b2a32c504bd3ffa\"},\"headline\":\"Vous partez en voyage? Voici un plan \u00e0 toute \u00e9preuve pour faire les bagages de la famille!\",\"datePublished\":\"2019-06-04T18:35:00+00:00\",\"dateModified\":\"2024-11-11T15:23:00+00:00\",\"mainEntityOfPage\":{\"@id\":\"https:\\\/\\\/colleamoi.com\\\/blogue\\\/trucs-pour-faire-les-bagages-de-la-famille\\\/\"},\"wordCount\":577,\"publisher\":{\"@id\":\"https:\\\/\\\/colleamoi.com\\\/blogue\\\/#organization\"},\"image\":{\"@id\":\"https:\\\/\\\/colleamoi.com\\\/blogue\\\/trucs-pour-faire-les-bagages-de-la-famille\\\/#primaryimage\"},\"thumbnailUrl\":\"https:\\\/\\\/colleamoi.com\\\/blogue\\\/wp-content\\\/uploads\\\/2022\\\/05\\\/faire-les-valises-de-la-famille.jpg\",\"articleSection\":[\"\u00c9ducation\"],\"inLanguage\":\"fr-FR\"},{\"@type\":\"WebPage\",\"@id\":\"https:\\\/\\\/colleamoi.com\\\/blogue\\\/trucs-pour-faire-les-bagages-de-la-famille\\\/\",\"url\":\"https:\\\/\\\/colleamoi.com\\\/blogue\\\/trucs-pour-faire-les-bagages-de-la-famille\\\/\",\"name\":\"Vous partez en voyage? Voici un plan \u00e0 toute \u00e9preuve pour faire les bagages de la famille! - Colle \u00e0 moi\",\"isPartOf\":{\"@id\":\"https:\\\/\\\/colleamoi.com\\\/blogue\\\/#website\"},\"primaryImageOfPage\":{\"@id\":\"https:\\\/\\\/colleamoi.com\\\/blogue\\\/trucs-pour-faire-les-bagages-de-la-famille\\\/#primaryimage\"},\"image\":{\"@id\":\"https:\\\/\\\/colleamoi.com\\\/blogue\\\/trucs-pour-faire-les-bagages-de-la-famille\\\/#primaryimage\"},\"thumbnailUrl\":\"https:\\\/\\\/colleamoi.com\\\/blogue\\\/wp-content\\\/uploads\\\/2022\\\/05\\\/faire-les-valises-de-la-famille.jpg\",\"datePublished\":\"2019-06-04T18:35:00+00:00\",\"dateModified\":\"2024-11-11T15:23:00+00:00\",\"description\":\"Voici des trucs pour planifier les bagages de la famille avant les vacances. Certaines id\u00e9es pourraient vous aider \u00e0 maximiser l'espace!\",\"breadcrumb\":{\"@id\":\"https:\\\/\\\/colleamoi.com\\\/blogue\\\/trucs-pour-faire-les-bagages-de-la-famille\\\/#breadcrumb\"},\"inLanguage\":\"fr-FR\",\"potentialAction\":[{\"@type\":\"ReadAction\",\"target\":[\"https:\\\/\\\/colleamoi.com\\\/blogue\\\/trucs-pour-faire-les-bagages-de-la-famille\\\/\"]}]},{\"@type\":\"ImageObject\",\"inLanguage\":\"fr-FR\",\"@id\":\"https:\\\/\\\/colleamoi.com\\\/blogue\\\/trucs-pour-faire-les-bagages-de-la-famille\\\/#primaryimage\",\"url\":\"https:\\\/\\\/colleamoi.com\\\/blogue\\\/wp-content\\\/uploads\\\/2022\\\/05\\\/faire-les-valises-de-la-famille.jpg\",\"contentUrl\":\"https:\\\/\\\/colleamoi.com\\\/blogue\\\/wp-content\\\/uploads\\\/2022\\\/05\\\/faire-les-valises-de-la-famille.jpg\",\"width\":724,\"height\":483,\"caption\":\"Faire les valises pour les vacances\"},{\"@type\":\"BreadcrumbList\",\"@id\":\"https:\\\/\\\/colleamoi.com\\\/blogue\\\/trucs-pour-faire-les-bagages-de-la-famille\\\/#breadcrumb\",\"itemListElement\":[{\"@type\":\"ListItem\",\"position\":1,\"name\":\"Accueil\",\"item\":\"https:\\\/\\\/colleamoi.com\\\/blogue\\\/\"},{\"@type\":\"ListItem\",\"position\":2,\"name\":\"Vous partez en voyage? Voici un plan \u00e0 toute \u00e9preuve pour faire les bagages de la famille!\"}]},{\"@type\":\"WebSite\",\"@id\":\"https:\\\/\\\/colleamoi.com\\\/blogue\\\/#website\",\"url\":\"https:\\\/\\\/colleamoi.com\\\/blogue\\\/\",\"name\":\"Colle \u00e0 moi\",\"description\":\"Restons coll\u00e9s ensemble!\",\"publisher\":{\"@id\":\"https:\\\/\\\/colleamoi.com\\\/blogue\\\/#organization\"},\"potentialAction\":[{\"@type\":\"SearchAction\",\"target\":{\"@type\":\"EntryPoint\",\"urlTemplate\":\"https:\\\/\\\/colleamoi.com\\\/blogue\\\/?s={search_term_string}\"},\"query-input\":{\"@type\":\"PropertyValueSpecification\",\"valueRequired\":true,\"valueName\":\"search_term_string\"}}],\"inLanguage\":\"fr-FR\"},{\"@type\":\"Organization\",\"@id\":\"https:\\\/\\\/colleamoi.com\\\/blogue\\\/#organization\",\"name\":\"Colle \u00e0 moi\",\"url\":\"https:\\\/\\\/colleamoi.com\\\/blogue\\\/\",\"logo\":{\"@type\":\"ImageObject\",\"inLanguage\":\"fr-FR\",\"@id\":\"https:\\\/\\\/colleamoi.com\\\/blogue\\\/#\\\/schema\\\/logo\\\/image\\\/\",\"url\":\"https:\\\/\\\/magentostaging.colleamoi.com\\\/blogue\\\/wp-content\\\/uploads\\\/2022\\\/04\\\/cropped-cropped-Group-588-e1651238780891.png\",\"contentUrl\":\"https:\\\/\\\/magentostaging.colleamoi.com\\\/blogue\\\/wp-content\\\/uploads\\\/2022\\\/04\\\/cropped-cropped-Group-588-e1651238780891.png\",\"width\":400,\"height\":130,\"caption\":\"Colle \u00e0 moi\"},\"image\":{\"@id\":\"https:\\\/\\\/colleamoi.com\\\/blogue\\\/#\\\/schema\\\/logo\\\/image\\\/\"},\"sameAs\":[\"https:\\\/\\\/www.facebook.com\\\/colleamoi\\\/?ref=br_rs\",\"https:\\\/\\\/www.instagram.com\\\/colleamoi\\\/?hl=fr-ca\"]},{\"@type\":\"Person\",\"@id\":\"https:\\\/\\\/colleamoi.com\\\/blogue\\\/#\\\/schema\\\/person\\\/08effc938d5e57771b2a32c504bd3ffa\",\"name\":\"Colle \u00e0 moi\",\"image\":{\"@type\":\"ImageObject\",\"inLanguage\":\"fr-FR\",\"@id\":\"https:\\\/\\\/secure.gravatar.com\\\/avatar\\\/d829b35e3e9e2abe4fb8e7dc19a93ca15b6cf3f44d75957f5a8fbddabe91c728?s=96&d=mm&r=g\",\"url\":\"https:\\\/\\\/secure.gravatar.com\\\/avatar\\\/d829b35e3e9e2abe4fb8e7dc19a93ca15b6cf3f44d75957f5a8fbddabe91c728?s=96&d=mm&r=g\",\"contentUrl\":\"https:\\\/\\\/secure.gravatar.com\\\/avatar\\\/d829b35e3e9e2abe4fb8e7dc19a93ca15b6cf3f44d75957f5a8fbddabe91c728?s=96&d=mm&r=g\",\"caption\":\"Colle \u00e0 moi\"},\"sameAs\":[\"https:\\\/\\\/colleamoi.com\\\/\"],\"url\":\"https:\\\/\\\/colleamoi.com\\\/blogue\\\/author\\\/adeldegan\\\/\"}]}<\/script>\n<!-- \/ Yoast SEO Premium plugin. -->","yoast_head_json":{"title":"Vous partez en voyage? Voici un plan \u00e0 toute \u00e9preuve pour faire les bagages de la famille! - Colle \u00e0 moi","description":"Voici des trucs pour planifier les bagages de la famille avant les vacances. Certaines id\u00e9es pourraient vous aider \u00e0 maximiser l'espace!","robots":{"index":"index","follow":"follow","max-snippet":"max-snippet:-1","max-image-preview":"max-image-preview:large","max-video-preview":"max-video-preview:-1"},"canonical":"https:\/\/colleamoi.com\/blogue\/trucs-pour-faire-les-bagages-de-la-famille\/","og_locale":"fr_FR","og_type":"article","og_title":"Vous partez en voyage? Voici un plan \u00e0 toute \u00e9preuve pour faire les bagages de la famille!","og_description":"Voici des trucs pour planifier les bagages de la famille avant les vacances. Certaines id\u00e9es pourraient vous aider \u00e0 maximiser l'espace!","og_url":"https:\/\/colleamoi.com\/blogue\/trucs-pour-faire-les-bagages-de-la-famille\/","og_site_name":"Colle \u00e0 moi","article_publisher":"https:\/\/www.facebook.com\/colleamoi\/?ref=br_rs","article_published_time":"2019-06-04T18:35:00+00:00","article_modified_time":"2024-11-11T15:23:00+00:00","og_image":[{"width":724,"height":483,"url":"https:\/\/colleamoi.com\/blogue\/wp-content\/uploads\/2022\/05\/faire-les-valises-de-la-famille.jpg","type":"image\/jpeg"}],"author":"Colle \u00e0 moi","twitter_card":"summary_large_image","twitter_misc":{"\u00c9crit par":"Colle \u00e0 moi","Dur\u00e9e de lecture estim\u00e9e":"3 minutes"},"schema":{"@context":"https:\/\/schema.org","@graph":[{"@type":"Article","@id":"https:\/\/colleamoi.com\/blogue\/trucs-pour-faire-les-bagages-de-la-famille\/#article","isPartOf":{"@id":"https:\/\/colleamoi.com\/blogue\/trucs-pour-faire-les-bagages-de-la-famille\/"},"author":{"name":"Colle \u00e0 moi","@id":"https:\/\/colleamoi.com\/blogue\/#\/schema\/person\/08effc938d5e57771b2a32c504bd3ffa"},"headline":"Vous partez en voyage? Voici un plan \u00e0 toute \u00e9preuve pour faire les bagages de la famille!","datePublished":"2019-06-04T18:35:00+00:00","dateModified":"2024-11-11T15:23:00+00:00","mainEntityOfPage":{"@id":"https:\/\/colleamoi.com\/blogue\/trucs-pour-faire-les-bagages-de-la-famille\/"},"wordCount":577,"publisher":{"@id":"https:\/\/colleamoi.com\/blogue\/#organization"},"image":{"@id":"https:\/\/colleamoi.com\/blogue\/trucs-pour-faire-les-bagages-de-la-famille\/#primaryimage"},"thumbnailUrl":"https:\/\/colleamoi.com\/blogue\/wp-content\/uploads\/2022\/05\/faire-les-valises-de-la-famille.jpg","articleSection":["\u00c9ducation"],"inLanguage":"fr-FR"},{"@type":"WebPage","@id":"https:\/\/colleamoi.com\/blogue\/trucs-pour-faire-les-bagages-de-la-famille\/","url":"https:\/\/colleamoi.com\/blogue\/trucs-pour-faire-les-bagages-de-la-famille\/","name":"Vous partez en voyage? Voici un plan \u00e0 toute \u00e9preuve pour faire les bagages de la famille! - Colle \u00e0 moi","isPartOf":{"@id":"https:\/\/colleamoi.com\/blogue\/#website"},"primaryImageOfPage":{"@id":"https:\/\/colleamoi.com\/blogue\/trucs-pour-faire-les-bagages-de-la-famille\/#primaryimage"},"image":{"@id":"https:\/\/colleamoi.com\/blogue\/trucs-pour-faire-les-bagages-de-la-famille\/#primaryimage"},"thumbnailUrl":"https:\/\/colleamoi.com\/blogue\/wp-content\/uploads\/2022\/05\/faire-les-valises-de-la-famille.jpg","datePublished":"2019-06-04T18:35:00+00:00","dateModified":"2024-11-11T15:23:00+00:00","description":"Voici des trucs pour planifier les bagages de la famille avant les vacances. Certaines id\u00e9es pourraient vous aider \u00e0 maximiser l'espace!","breadcrumb":{"@id":"https:\/\/colleamoi.com\/blogue\/trucs-pour-faire-les-bagages-de-la-famille\/#breadcrumb"},"inLanguage":"fr-FR","potentialAction":[{"@type":"ReadAction","target":["https:\/\/colleamoi.com\/blogue\/trucs-pour-faire-les-bagages-de-la-famille\/"]}]},{"@type":"ImageObject","inLanguage":"fr-FR","@id":"https:\/\/colleamoi.com\/blogue\/trucs-pour-faire-les-bagages-de-la-famille\/#primaryimage","url":"https:\/\/colleamoi.com\/blogue\/wp-content\/uploads\/2022\/05\/faire-les-valises-de-la-famille.jpg","contentUrl":"https:\/\/colleamoi.com\/blogue\/wp-content\/uploads\/2022\/05\/faire-les-valises-de-la-famille.jpg","width":724,"height":483,"caption":"Faire les valises pour les vacances"},{"@type":"BreadcrumbList","@id":"https:\/\/colleamoi.com\/blogue\/trucs-pour-faire-les-bagages-de-la-famille\/#breadcrumb","itemListElement":[{"@type":"ListItem","position":1,"name":"Accueil","item":"https:\/\/colleamoi.com\/blogue\/"},{"@type":"ListItem","position":2,"name":"Vous partez en voyage? Voici un plan \u00e0 toute \u00e9preuve pour faire les bagages de la famille!"}]},{"@type":"WebSite","@id":"https:\/\/colleamoi.com\/blogue\/#website","url":"https:\/\/colleamoi.com\/blogue\/","name":"Colle \u00e0 moi","description":"Restons coll\u00e9s ensemble!","publisher":{"@id":"https:\/\/colleamoi.com\/blogue\/#organization"},"potentialAction":[{"@type":"SearchAction","target":{"@type":"EntryPoint","urlTemplate":"https:\/\/colleamoi.com\/blogue\/?s={search_term_string}"},"query-input":{"@type":"PropertyValueSpecification","valueRequired":true,"valueName":"search_term_string"}}],"inLanguage":"fr-FR"},{"@type":"Organization","@id":"https:\/\/colleamoi.com\/blogue\/#organization","name":"Colle \u00e0 moi","url":"https:\/\/colleamoi.com\/blogue\/","logo":{"@type":"ImageObject","inLanguage":"fr-FR","@id":"https:\/\/colleamoi.com\/blogue\/#\/schema\/logo\/image\/","url":"https:\/\/magentostaging.colleamoi.com\/blogue\/wp-content\/uploads\/2022\/04\/cropped-cropped-Group-588-e1651238780891.png","contentUrl":"https:\/\/magentostaging.colleamoi.com\/blogue\/wp-content\/uploads\/2022\/04\/cropped-cropped-Group-588-e1651238780891.png","width":400,"height":130,"caption":"Colle \u00e0 moi"},"image":{"@id":"https:\/\/colleamoi.com\/blogue\/#\/schema\/logo\/image\/"},"sameAs":["https:\/\/www.facebook.com\/colleamoi\/?ref=br_rs","https:\/\/www.instagram.com\/colleamoi\/?hl=fr-ca"]},{"@type":"Person","@id":"https:\/\/colleamoi.com\/blogue\/#\/schema\/person\/08effc938d5e57771b2a32c504bd3ffa","name":"Colle \u00e0 moi","image":{"@type":"ImageObject","inLanguage":"fr-FR","@id":"https:\/\/secure.gravatar.com\/avatar\/d829b35e3e9e2abe4fb8e7dc19a93ca15b6cf3f44d75957f5a8fbddabe91c728?s=96&d=mm&r=g","url":"https:\/\/secure.gravatar.com\/avatar\/d829b35e3e9e2abe4fb8e7dc19a93ca15b6cf3f44d75957f5a8fbddabe91c728?s=96&d=mm&r=g","contentUrl":"https:\/\/secure.gravatar.com\/avatar\/d829b35e3e9e2abe4fb8e7dc19a93ca15b6cf3f44d75957f5a8fbddabe91c728?s=96&d=mm&r=g","caption":"Colle \u00e0 moi"},"sameAs":["https:\/\/colleamoi.com\/"],"url":"https:\/\/colleamoi.com\/blogue\/author\/adeldegan\/"}]}},"_links":{"self":[{"href":"https:\/\/colleamoi.com\/blogue\/wp-json\/wp\/v2\/posts\/350","targetHints":{"allow":["GET"]}}],"collection":[{"href":"https:\/\/colleamoi.com\/blogue\/wp-json\/wp\/v2\/posts"}],"about":[{"href":"https:\/\/colleamoi.com\/blogue\/wp-json\/wp\/v2\/types\/post"}],"author":[{"embeddable":true,"href":"https:\/\/colleamoi.com\/blogue\/wp-json\/wp\/v2\/users\/2"}],"replies":[{"embeddable":true,"href":"https:\/\/colleamoi.com\/blogue\/wp-json\/wp\/v2\/comments?post=350"}],"version-history":[{"count":2,"href":"https:\/\/colleamoi.com\/blogue\/wp-json\/wp\/v2\/posts\/350\/revisions"}],"predecessor-version":[{"id":2831,"href":"https:\/\/colleamoi.com\/blogue\/wp-json\/wp\/v2\/posts\/350\/revisions\/2831"}],"wp:featuredmedia":[{"embeddable":true,"href":"https:\/\/colleamoi.com\/blogue\/wp-json\/wp\/v2\/media\/351"}],"wp:attachment":[{"href":"https:\/\/colleamoi.com\/blogue\/wp-json\/wp\/v2\/media?parent=350"}],"wp:term":[{"taxonomy":"category","embeddable":true,"href":"https:\/\/colleamoi.com\/blogue\/wp-json\/wp\/v2\/categories?post=350"},{"taxonomy":"post_tag","embeddable":true,"href":"https:\/\/colleamoi.com\/blogue\/wp-json\/wp\/v2\/tags?post=350"}],"curies":[{"name":"wp","href":"https:\/\/api.w.org\/{rel}","templated":true}]}}